{"id":28,"date":"2026-04-24T02:45:03","date_gmt":"2026-04-24T02:45:03","guid":{"rendered":"https:\/\/www.ruebatterie.com\/blog\/?p=28"},"modified":"2026-04-24T02:45:03","modified_gmt":"2026-04-24T02:45:03","slug":"leica-tl-vs-tl2-test-complet-et-solution-pour-prolonger-leur-autonomie","status":"publish","type":"post","link":"https:\/\/www.ruebatterie.com\/blog\/2026\/04\/24\/leica-tl-vs-tl2-test-complet-et-solution-pour-prolonger-leur-autonomie\/","title":{"rendered":"Leica TL vs TL2 : test complet et solution pour prolonger leur autonomie"},"content":{"rendered":"\n<p>Le duel entre <strong>Leica TL (Typ 701)<\/strong> et <strong>Leica TL2 (18773)<\/strong> est un cas typique d\u2019\u00e9volution g\u00e9n\u00e9rationnelle o\u00f9 la diff\u00e9rence ne se limite pas aux sp\u00e9cifications techniques. Entre 2014 et 2017, Leica a conserv\u00e9 l\u2019ADN design tout en corrigeant les limites majeures du premier mod\u00e8le.<\/p>\n\n\n\n<p>Mais en 2026, un facteur devient critique pour les deux appareils : <strong>la batterie<\/strong>.<\/p>\n\n\n<div class=\"wp-block-image\">\n<figure class=\"aligncenter size-full\"><img loading=\"lazy\" decoding=\"async\" width=\"640\" height=\"341\" src=\"https:\/\/www.ruebatterie.com\/blog\/wp-content\/uploads\/2026\/04\/Leica-TL-vs-TL2.webp\" alt=\"\" class=\"wp-image-29\" srcset=\"https:\/\/www.ruebatterie.com\/blog\/wp-content\/uploads\/2026\/04\/Leica-TL-vs-TL2.webp 640w, https:\/\/www.ruebatterie.com\/blog\/wp-content\/uploads\/2026\/04\/Leica-TL-vs-TL2-300x160.webp 300w\" sizes=\"auto, (max-width: 709px) 85vw, (max-width: 909px) 67vw, (max-width: 984px) 61vw, (max-width: 1362px) 45vw, 600px\" \/><\/figure>\n<\/div>\n\n\n<h2 class=\"wp-block-heading\">1. Une philosophie commune : design avant tout<\/h2>\n\n\n\n<p>Les deux mod\u00e8les partagent une caract\u00e9ristique unique :<\/p>\n\n\n\n<p>\ud83d\udc49 <strong>bo\u00eetier monobloc en aluminium usin\u00e9 CNC (unibody)<\/strong><\/p>\n\n\n\n<ul class=\"wp-block-list\">\n<li>Finition artisanale<\/li>\n\n\n\n<li>Minimalisme extr\u00eame<\/li>\n\n\n\n<li>Interface quasi enti\u00e8rement tactile<\/li>\n<\/ul>\n\n\n\n<p>\ud83d\udc49 En pratique :<br>ce sont autant des objets de design que des appareils photo.<\/p>\n\n\n\n<hr class=\"wp-block-separator has-alpha-channel-opacity\"\/>\n\n\n\n<h2 class=\"wp-block-heading\">2. TL vs TL2 : les diff\u00e9rences essentielles<\/h2>\n\n\n\n<figure class=\"wp-block-table\"><table class=\"has-fixed-layout\"><thead><tr><th>Crit\u00e8re<\/th><th>TL (Typ 701)<\/th><th>TL2 (18773)<\/th><\/tr><\/thead><tbody><tr><td>Capteur<\/td><td>16 MP APS-C<\/td><td>24 MP APS-C<\/td><\/tr><tr><td>Processeur<\/td><td>Ancien<\/td><td>Nouvelle g\u00e9n\u00e9ration<\/td><\/tr><tr><td>R\u00e9activit\u00e9<\/td><td>Lente<\/td><td>Fluide<\/td><\/tr><tr><td>Rafale<\/td><td>5 fps<\/td><td>7 fps<\/td><\/tr><tr><td>Vid\u00e9o<\/td><td>1080p<\/td><td>4K<\/td><\/tr><tr><td>Exp\u00e9rience<\/td><td>Exp\u00e9rimentale<\/td><td>Maturit\u00e9<\/td><\/tr><\/tbody><\/table><\/figure>\n\n\n\n<p>\ud83d\udc49 Conclusion rapide :<br><strong>TL2 est une version aboutie du TL.<\/strong><\/p>\n\n\n\n<hr class=\"wp-block-separator has-alpha-channel-opacity\"\/>\n\n\n\n<h2 class=\"wp-block-heading\">3. Exp\u00e9rience utilisateur : une \u00e9volution majeure<\/h2>\n\n\n\n<h3 class=\"wp-block-heading\">Leica TL (2014)<\/h3>\n\n\n\n<ul class=\"wp-block-list\">\n<li>Interface lente<\/li>\n\n\n\n<li>Menus parfois saccad\u00e9s<\/li>\n\n\n\n<li>Logique tactile encore immature<\/li>\n<\/ul>\n\n\n\n<p>\ud83d\udc49 Sensation :<br>comme un smartphone de premi\u00e8re g\u00e9n\u00e9ration<\/p>\n\n\n\n<hr class=\"wp-block-separator has-alpha-channel-opacity\"\/>\n\n\n\n<h3 class=\"wp-block-heading\">Leica TL2 (2017)<\/h3>\n\n\n\n<ul class=\"wp-block-list\">\n<li>Interface fluide<\/li>\n\n\n\n<li>R\u00e9activit\u00e9 nette am\u00e9lioration<\/li>\n\n\n\n<li>UX optimis\u00e9e pour le tactile<\/li>\n<\/ul>\n\n\n\n<p>\ud83d\udc49 R\u00e9sultat :<br>une utilisation beaucoup plus naturelle<\/p>\n\n\n\n<hr class=\"wp-block-separator has-alpha-channel-opacity\"\/>\n\n\n\n<h2 class=\"wp-block-heading\">4. Qualit\u00e9 d\u2019image : un vrai saut g\u00e9n\u00e9rationnel<\/h2>\n\n\n\n<h3 class=\"wp-block-heading\">TL<\/h3>\n\n\n\n<ul class=\"wp-block-list\">\n<li>16 MP<\/li>\n\n\n\n<li>Bon rendu global<\/li>\n\n\n\n<li>Dynamique correcte<\/li>\n<\/ul>\n\n\n\n<h3 class=\"wp-block-heading\">TL2<\/h3>\n\n\n\n<ul class=\"wp-block-list\">\n<li>24 MP APS-C<\/li>\n\n\n\n<li>Meilleur niveau de d\u00e9tail<\/li>\n\n\n\n<li>RAW plus flexible<\/li>\n\n\n\n<li>Meilleure gestion ISO<\/li>\n<\/ul>\n\n\n\n<p>\ud83d\udc49 Verdict :<br><strong>TL2 surclasse clairement le TL en image.<\/strong><\/p>\n\n\n\n<hr class=\"wp-block-separator has-alpha-channel-opacity\"\/>\n\n\n\n<h2 class=\"wp-block-heading\">5. Autofocus et performances<\/h2>\n\n\n\n<ul class=\"wp-block-list\">\n<li>TL : autofocus lent<\/li>\n\n\n\n<li>TL2 : syst\u00e8me am\u00e9lior\u00e9 (49 points)<\/li>\n<\/ul>\n\n\n\n<p>Mais :<\/p>\n\n\n\n<p>\u2757 Toujours bas\u00e9 sur d\u00e9tection de contraste<br>\u2757 Peu adapt\u00e9 \u00e0 l\u2019action rapide<\/p>\n\n\n\n<p>\ud83d\udc49 Usage id\u00e9al : street photography, quotidien, voyage<\/p>\n\n\n\n<hr class=\"wp-block-separator has-alpha-channel-opacity\"\/>\n\n\n\n<h2 class=\"wp-block-heading\">6. Vid\u00e9o : TL2 passe \u00e0 l\u2019\u00e8re moderne<\/h2>\n\n\n\n<figure class=\"wp-block-table\"><table class=\"has-fixed-layout\"><thead><tr><th>Fonction<\/th><th>TL<\/th><th>TL2<\/th><\/tr><\/thead><tbody><tr><td>Vid\u00e9o<\/td><td>1080p<\/td><td>4K<\/td><\/tr><tr><td>Usage<\/td><td>Basique<\/td><td>Exploitable<\/td><\/tr><\/tbody><\/table><\/figure>\n\n\n\n<p>\ud83d\udc49 TL2 devient polyvalent, TL reste limit\u00e9.<\/p>\n\n\n\n<hr class=\"wp-block-separator has-alpha-channel-opacity\"\/>\n\n\n\n<h2 class=\"wp-block-heading\">7. Le vrai probl\u00e8me en 2026 : la batterie<\/h2>\n\n\n\n<p>Les deux mod\u00e8les utilisent :<\/p>\n\n\n\n<p>\ud83d\udc49 <strong>BP-DC13<\/strong><\/p>\n\n\n\n<p>Mais aujourd\u2019hui :<\/p>\n\n\n\n<ul class=\"wp-block-list\">\n<li>Batteries d\u2019origine us\u00e9es<\/li>\n\n\n\n<li>Autonomie tr\u00e8s limit\u00e9e<\/li>\n\n\n\n<li>Perte de performance globale<\/li>\n<\/ul>\n\n\n\n<p>\ud83d\udca1 Conclusion essentielle :<\/p>\n\n\n\n<p>\ud83d\udc49 Une <strong><a href=\"https:\/\/www.ruebatterie.com\/item-leica-battery-bp-dc13-model-ecn12508_oth\">batterie Leica BP-DC13<\/a><\/strong> neuve est indispensable pour exploiter correctement ces appareils.<\/p>\n\n\n\n<hr class=\"wp-block-separator has-alpha-channel-opacity\"\/>\n\n\n\n<h2 class=\"wp-block-heading\">8. Remplacement batterie : simple mais crucial<\/h2>\n\n\n\n<p>Le remplacement est direct :<\/p>\n\n\n\n<ol class=\"wp-block-list\">\n<li>Ouvrir le compartiment<\/li>\n\n\n\n<li>Retirer l\u2019ancienne batterie<\/li>\n\n\n\n<li>Installer une <strong><a href=\"https:\/\/www.ruebatterie.com\/item-leica-battery-bp-dc13-model-ecn12508_oth\">remplacement batterie Leica BP-DC13<\/a><\/strong><\/li>\n<\/ol>\n\n\n\n<p>\u2714 Pas d\u2019outil sp\u00e9cifique<br>\u2714 Op\u00e9ration rapide<\/p>\n\n\n\n<p>\ud83d\udc49 Impact imm\u00e9diat :<\/p>\n\n\n\n<ul class=\"wp-block-list\">\n<li>autonomie restaur\u00e9e<\/li>\n\n\n\n<li>performances stabilis\u00e9es<\/li>\n<\/ul>\n\n\n\n<hr class=\"wp-block-separator has-alpha-channel-opacity\"\/>\n\n\n\n<h2 class=\"wp-block-heading\">9. Fiabilit\u00e9 et limites communes<\/h2>\n\n\n\n<h3 class=\"wp-block-heading\">Points faibles des deux mod\u00e8les :<\/h3>\n\n\n\n<ul class=\"wp-block-list\">\n<li>Pas de viseur int\u00e9gr\u00e9<\/li>\n\n\n\n<li>Pas de stabilisation<\/li>\n\n\n\n<li>Autonomie limit\u00e9e<\/li>\n\n\n\n<li>Prix \u00e9lev\u00e9 \u00e0 l\u2019\u00e9poque<\/li>\n<\/ul>\n\n\n\n<p>\ud83d\udc49 Ce sont des appareils de niche.<\/p>\n\n\n\n<hr class=\"wp-block-separator has-alpha-channel-opacity\"\/>\n\n\n\n<h2 class=\"wp-block-heading\">10. Quel mod\u00e8le choisir en 2026 ?<\/h2>\n\n\n\n<h3 class=\"wp-block-heading\">\u2714 Choisir TL2<\/h3>\n\n\n\n<ul class=\"wp-block-list\">\n<li>Utilisation r\u00e9elle<\/li>\n\n\n\n<li>Meilleure fluidit\u00e9<\/li>\n\n\n\n<li>Qualit\u00e9 d\u2019image sup\u00e9rieure<\/li>\n<\/ul>\n\n\n\n<p>\ud83d\udc49 + <strong><a href=\"https:\/\/www.ruebatterie.com\/item-leica-battery-bp-dc13-model-ecn12508_oth\">acheter batterie Leica BP-DC13<\/a><\/strong> recommand\u00e9 imm\u00e9diatement<\/p>\n\n\n\n<hr class=\"wp-block-separator has-alpha-channel-opacity\"\/>\n\n\n\n<h3 class=\"wp-block-heading\">\u2714 Choisir TL<\/h3>\n\n\n\n<ul class=\"wp-block-list\">\n<li>Collection<\/li>\n\n\n\n<li>Budget r\u00e9duit<\/li>\n\n\n\n<li>Int\u00e9r\u00eat design<\/li>\n<\/ul>\n\n\n\n<p>\ud83d\udc49 Usage plus limit\u00e9<\/p>\n\n\n\n<hr class=\"wp-block-separator has-alpha-channel-opacity\"\/>\n\n\n\n<h2 class=\"wp-block-heading\">11. Verdict final<\/h2>\n\n\n\n<p>\ud83d\udc49 <strong>Leica TL = concept design<\/strong><br>\ud83d\udc49 <strong>Leica TL2 = produit abouti<\/strong><\/p>\n\n\n\n<p>Mais dans les deux cas :<\/p>\n\n\n\n<p>\u2757 sans une <strong><a href=\"https:\/\/www.ruebatterie.com\/item-leica-battery-bp-dc13-model-ecn12508_oth\">batterie Leica BP-DC13<\/a><\/strong> fiable :<\/p>\n\n\n\n<ul class=\"wp-block-list\">\n<li>autonomie insuffisante<\/li>\n\n\n\n<li>exp\u00e9rience d\u00e9grad\u00e9e<\/li>\n\n\n\n<li>appareil sous-exploit\u00e9<\/li>\n<\/ul>\n\n\n\n<hr class=\"wp-block-separator has-alpha-channel-opacity\"\/>\n\n\n\n<h2 class=\"wp-block-heading\">\ud83e\udde0 Conclusion SEO<\/h2>\n\n\n\n<p>Si vous souhaitez utiliser un Leica TL ou TL2 aujourd\u2019hui :<\/p>\n\n\n\n<p>\ud83d\udc49 priorit\u00e9 absolue :<\/p>\n\n\n\n<p>\u2714 remplacer la batterie<br>\u2714 restaurer l\u2019autonomie<br>\u2714 retrouver les performances d\u2019origine<\/p>\n\n\n\n<p>\ud83d\udc49 En pratique, investir dans une <strong><a href=\"https:\/\/www.ruebatterie.com\/item-leica-battery-bp-dc13-model-ecn12508_oth\">batterie Leica BP-DC13<\/a><\/strong> est la premi\u00e8re \u00e9tape avant toute autre am\u00e9lioration.<\/p>\n","protected":false},"excerpt":{"rendered":"<p>Le duel entre Leica TL (Typ 701) et Leica TL2 (18773) est un cas typique d\u2019\u00e9volution g\u00e9n\u00e9rationnelle o\u00f9 la diff\u00e9rence ne se limite pas aux sp\u00e9cifications techniques. Entre 2014 et 2017, Leica a conserv\u00e9 l\u2019ADN design tout en corrigeant les limites majeures du premier mod\u00e8le. Mais en 2026, un facteur devient critique pour les deux &hellip; <a href=\"https:\/\/www.ruebatterie.com\/blog\/2026\/04\/24\/leica-tl-vs-tl2-test-complet-et-solution-pour-prolonger-leur-autonomie\/\" class=\"more-link\">Continue reading<span class=\"screen-reader-text\"> &#8220;Leica TL vs TL2 : test complet et solution pour prolonger leur autonomie&#8221;<\/span><\/a><\/p>\n","protected":false},"author":1,"featured_media":0,"comment_status":"open","ping_status":"open","sticky":false,"template":"","format":"standard","meta":{"footnotes":""},"categories":[12],"tags":[13],"class_list":["post-28","post","type-post","status-publish","format-standard","hentry","category-batterie-appareil-photo","tag-leica-tl-vs-tl2"],"_links":{"self":[{"href":"https:\/\/www.ruebatterie.com\/blog\/wp-json\/wp\/v2\/posts\/28","targetHints":{"allow":["GET"]}}],"collection":[{"href":"https:\/\/www.ruebatterie.com\/blog\/wp-json\/wp\/v2\/posts"}],"about":[{"href":"https:\/\/www.ruebatterie.com\/blog\/wp-json\/wp\/v2\/types\/post"}],"author":[{"embeddable":true,"href":"https:\/\/www.ruebatterie.com\/blog\/wp-json\/wp\/v2\/users\/1"}],"replies":[{"embeddable":true,"href":"https:\/\/www.ruebatterie.com\/blog\/wp-json\/wp\/v2\/comments?post=28"}],"version-history":[{"count":1,"href":"https:\/\/www.ruebatterie.com\/blog\/wp-json\/wp\/v2\/posts\/28\/revisions"}],"predecessor-version":[{"id":30,"href":"https:\/\/www.ruebatterie.com\/blog\/wp-json\/wp\/v2\/posts\/28\/revisions\/30"}],"wp:attachment":[{"href":"https:\/\/www.ruebatterie.com\/blog\/wp-json\/wp\/v2\/media?parent=28"}],"wp:term":[{"taxonomy":"category","embeddable":true,"href":"https:\/\/www.ruebatterie.com\/blog\/wp-json\/wp\/v2\/categories?post=28"},{"taxonomy":"post_tag","embeddable":true,"href":"https:\/\/www.ruebatterie.com\/blog\/wp-json\/wp\/v2\/tags?post=28"}],"curies":[{"name":"wp","href":"https:\/\/api.w.org\/{rel}","templated":true}]}}