{"id":15,"date":"2026-04-20T09:58:59","date_gmt":"2026-04-20T09:58:59","guid":{"rendered":"https:\/\/www.ruebatterie.com\/blog\/?p=15"},"modified":"2026-04-20T09:58:59","modified_gmt":"2026-04-20T09:58:59","slug":"test-complet-du-dji-mavic-2-pro-performances-qualite-dimage-et-autonomie-prolongee","status":"publish","type":"post","link":"https:\/\/www.ruebatterie.com\/blog\/2026\/04\/20\/test-complet-du-dji-mavic-2-pro-performances-qualite-dimage-et-autonomie-prolongee\/","title":{"rendered":"Test complet du DJI Mavic 2 Pro : performances, qualit\u00e9 d\u2019image et autonomie prolong\u00e9e"},"content":{"rendered":"\n<p><\/p>\n\n\n\n<p>Lanc\u00e9 en 2018, le DJI Mavic 2 Pro reste aujourd\u2019hui une r\u00e9f\u00e9rence incontournable dans l\u2019univers des drones grand public \u00e0 vocation professionnelle. Gr\u00e2ce \u00e0 son capteur 1 pouce et \u00e0 son partenariat avec Hasselblad, il a marqu\u00e9 un tournant dans la d\u00e9mocratisation de la photographie a\u00e9rienne de haute qualit\u00e9.<\/p>\n\n\n\n<p>Cependant, apr\u00e8s plusieurs ann\u00e9es d\u2019utilisation, un \u00e9l\u00e9ment devient critique pour maintenir ses performances : la batterie. Dans ce test approfondi, nous analysons non seulement les performances du drone, mais aussi l\u2019importance d\u2019un remplacement batterie Mavic 2 Pro pour prolonger sa dur\u00e9e de vie.<\/p>\n\n\n<div class=\"wp-block-image\">\n<figure class=\"aligncenter size-large\"><img decoding=\"async\" src=\"https:\/\/cdn.mos.cms.futurecdn.net\/XrmDsQTYQavPH2yR36LfbG.jpg\" alt=\"\"\/><\/figure>\n<\/div>\n\n\n<h2 class=\"wp-block-heading\">1. Positionnement et philosophie du produit<\/h2>\n\n\n\n<p>Le Mavic 2 Pro a \u00e9t\u00e9 con\u00e7u comme un outil hybride :<\/p>\n\n\n\n<ul class=\"wp-block-list\">\n<li>Drone portable (design pliable)<\/li>\n\n\n\n<li>Qualit\u00e9 d\u2019image proche des mod\u00e8les professionnels (Phantom)<\/li>\n<\/ul>\n\n\n\n<p>\ud83d\udc49 En r\u00e9sum\u00e9 :<br>Un \u00e9quilibre rare entre performance visuelle et mobilit\u00e9.<\/p>\n\n\n\n<hr class=\"wp-block-separator has-alpha-channel-opacity\"\/>\n\n\n\n<h2 class=\"wp-block-heading\">2. Fiche technique essentielle<\/h2>\n\n\n\n<ul class=\"wp-block-list\">\n<li>Poids : 907 g<\/li>\n\n\n\n<li>Capteur : CMOS 1 pouce<\/li>\n\n\n\n<li>R\u00e9solution : 20 MP<\/li>\n\n\n\n<li>Ouverture : f\/2.8 \u2013 f\/11<\/li>\n\n\n\n<li>Vid\u00e9o : 4K \u00e0 30 fps<\/li>\n\n\n\n<li>Autonomie max : 31 minutes<\/li>\n\n\n\n<li>Transmission : OcuSync 2.0<\/li>\n\n\n\n<li>D\u00e9tection d\u2019obstacles : omnidirectionnelle<\/li>\n<\/ul>\n\n\n\n<hr class=\"wp-block-separator has-alpha-channel-opacity\"\/>\n\n\n\n<h2 class=\"wp-block-heading\">3. Qualit\u00e9 d\u2019image : un atout majeur<\/h2>\n\n\n\n<h3 class=\"wp-block-heading\">Capteur Hasselblad<\/h3>\n\n\n\n<p>Le Mavic 2 Pro introduit :<\/p>\n\n\n\n<ul class=\"wp-block-list\">\n<li>Profil couleur 10-bit Dlog-M<\/li>\n\n\n\n<li>Technologie HNCS (couleurs naturelles)<\/li>\n\n\n\n<li>Prise en charge RAW<\/li>\n<\/ul>\n\n\n\n<h3 class=\"wp-block-heading\">Analyse terrain<\/h3>\n\n\n\n<p>\u2714 Excellente plage dynamique<br>\u2714 Couleurs fid\u00e8les sans surtraitement<br>\u2714 Grande latitude en post-production<\/p>\n\n\n\n<p>\u2718 Limitation en vid\u00e9o (4K30 uniquement)<\/p>\n\n\n\n<p>\ud83d\udc49 Verdict :<br>Un drone orient\u00e9 photographie avant tout.<\/p>\n\n\n\n<hr class=\"wp-block-separator has-alpha-channel-opacity\"\/>\n\n\n\n<h2 class=\"wp-block-heading\">4. Performances en vol<\/h2>\n\n\n\n<h3 class=\"wp-block-heading\">Stabilit\u00e9 et pr\u00e9cision<\/h3>\n\n\n\n<p>Gr\u00e2ce au GPS et aux capteurs optiques :<\/p>\n\n\n\n<ul class=\"wp-block-list\">\n<li>Vol extr\u00eamement stable<\/li>\n\n\n\n<li>Positionnement pr\u00e9cis<\/li>\n\n\n\n<li>Bonne r\u00e9sistance au vent<\/li>\n<\/ul>\n\n\n\n<h3 class=\"wp-block-heading\">Transmission OcuSync 2.0<\/h3>\n\n\n\n<ul class=\"wp-block-list\">\n<li>Flux vid\u00e9o en 1080p<\/li>\n\n\n\n<li>Faible latence<\/li>\n\n\n\n<li>Excellente stabilit\u00e9 du signal<\/li>\n<\/ul>\n\n\n\n<p>\ud83d\udc49 M\u00eame aujourd\u2019hui, l\u2019exp\u00e9rience reste tr\u00e8s solide.<\/p>\n\n\n\n<hr class=\"wp-block-separator has-alpha-channel-opacity\"\/>\n\n\n\n<h2 class=\"wp-block-heading\">5. S\u00e9curit\u00e9 : un syst\u00e8me avanc\u00e9<\/h2>\n\n\n\n<p>Le drone int\u00e8gre :<\/p>\n\n\n\n<ul class=\"wp-block-list\">\n<li>Capteurs avant \/ arri\u00e8re \/ lat\u00e9raux \/ sup\u00e9rieurs \/ inf\u00e9rieurs<\/li>\n\n\n\n<li>\u00c9vitement d\u2019obstacles en temps r\u00e9el<\/li>\n<\/ul>\n\n\n\n<p>\ud83d\udc49 R\u00e9sultat :<br>Un niveau de s\u00e9curit\u00e9 sup\u00e9rieur \u00e0 la majorit\u00e9 des drones de son \u00e9poque.<\/p>\n\n\n\n<hr class=\"wp-block-separator has-alpha-channel-opacity\"\/>\n\n\n\n<h2 class=\"wp-block-heading\">6. Autonomie et probl\u00e8me cl\u00e9 : la batterie<\/h2>\n\n\n\n<h3 class=\"wp-block-heading\">Autonomie r\u00e9elle<\/h3>\n\n\n\n<ul class=\"wp-block-list\">\n<li>Annonc\u00e9e : 31 minutes<\/li>\n\n\n\n<li>R\u00e9elle : 22 \u00e0 26 minutes<\/li>\n<\/ul>\n\n\n\n<h3 class=\"wp-block-heading\">Probl\u00e8me apr\u00e8s plusieurs ann\u00e9es<\/h3>\n\n\n\n<p>Les utilisateurs constatent :<\/p>\n\n\n\n<ul class=\"wp-block-list\">\n<li>Diminution rapide de l\u2019autonomie<\/li>\n\n\n\n<li>Gonflement ou instabilit\u00e9 de batterie<\/li>\n\n\n\n<li>Co\u00fbt \u00e9lev\u00e9 des batteries d\u2019origine<\/li>\n<\/ul>\n\n\n\n<p>\ud83d\udc49 Solution recommand\u00e9e :<\/p>\n\n\n\n<p>Pour maintenir les performances, investir dans une<br>\ud83d\udc49 <a href=\"https:\/\/www.ruebatterie.com\/item-dji-battery-mavic-2-pro-model-dji25ju1849g_oth\">batterie DJI Mavic 2 Pro<\/a><\/p>\n\n\n\n<hr class=\"wp-block-separator has-alpha-channel-opacity\"\/>\n\n\n\n<h2 class=\"wp-block-heading\">7. Pourquoi remplacer la batterie ?<\/h2>\n\n\n\n<p>Un remplacement batterie Mavic 2 Pro est essentiel pour :<\/p>\n\n\n\n<ul class=\"wp-block-list\">\n<li>Restaurer l\u2019autonomie initiale<\/li>\n\n\n\n<li>\u00c9viter les coupures en vol<\/li>\n\n\n\n<li>Garantir la s\u00e9curit\u00e9 du drone<\/li>\n<\/ul>\n\n\n\n<p>Une batterie us\u00e9e impacte directement :<\/p>\n\n\n\n<ul class=\"wp-block-list\">\n<li>Le temps de vol<\/li>\n\n\n\n<li>La stabilit\u00e9 \u00e9nerg\u00e9tique<\/li>\n\n\n\n<li>La fiabilit\u00e9 globale<\/li>\n<\/ul>\n\n\n\n<p>\ud83d\udc49 Pour une solution fiable :<br>\ud83d\udc49 <a href=\"https:\/\/www.ruebatterie.com\/item-dji-battery-mavic-2-pro-model-dji25ju1849g_oth\">remplacement batterie Mavic 2 Pro<\/a><\/p>\n\n\n\n<hr class=\"wp-block-separator has-alpha-channel-opacity\"\/>\n\n\n\n<h2 class=\"wp-block-heading\">8. Impact sur les performances globales<\/h2>\n\n\n\n<p>Avec une batterie neuve :<\/p>\n\n\n\n<ul class=\"wp-block-list\">\n<li>Autonomie proche des performances d\u2019origine<\/li>\n\n\n\n<li>Meilleure gestion \u00e9nerg\u00e9tique<\/li>\n\n\n\n<li>Exp\u00e9rience de vol plus fluide<\/li>\n<\/ul>\n\n\n\n<p>\ud83d\udc49 C\u2019est l\u2019upgrade le plus rentable pour prolonger la vie du drone.<\/p>\n\n\n\n<hr class=\"wp-block-separator has-alpha-channel-opacity\"\/>\n\n\n\n<h2 class=\"wp-block-heading\">9. Avantages et inconv\u00e9nients<\/h2>\n\n\n\n<h3 class=\"wp-block-heading\">\u2714 Points forts<\/h3>\n\n\n\n<ul class=\"wp-block-list\">\n<li>Capteur 1 pouce exceptionnel<\/li>\n\n\n\n<li>Couleurs Hasselblad naturelles<\/li>\n\n\n\n<li>Excellente stabilit\u00e9 en vol<\/li>\n\n\n\n<li>Syst\u00e8me de s\u00e9curit\u00e9 avanc\u00e9<\/li>\n\n\n\n<li>Design pliable pratique<\/li>\n<\/ul>\n\n\n\n<h3 class=\"wp-block-heading\">\u2718 Points faibles<\/h3>\n\n\n\n<ul class=\"wp-block-list\">\n<li>Vid\u00e9o limit\u00e9e \u00e0 4K30<\/li>\n\n\n\n<li>Mod\u00e8le ancien (2018)<\/li>\n\n\n\n<li>\u00c9cosyst\u00e8me logiciel vieillissant<\/li>\n\n\n\n<li>Batterie co\u00fbteuse et sujette \u00e0 l\u2019usure<\/li>\n<\/ul>\n\n\n\n<hr class=\"wp-block-separator has-alpha-channel-opacity\"\/>\n\n\n\n<h2 class=\"wp-block-heading\">10. Conclusion<\/h2>\n\n\n\n<p>Le DJI Mavic 2 Pro reste un excellent choix pour les photographes a\u00e9riens, m\u00eame en 2026. Sa qualit\u00e9 d\u2019image tient toujours t\u00eate \u00e0 de nombreux drones r\u00e9cents.<\/p>\n\n\n\n<p>Cependant, pour exploiter pleinement son potentiel, il est indispensable de maintenir une bonne autonomie drone DJI. Cela passe in\u00e9vitablement par un remplacement batterie Mavic 2 Pro.<\/p>\n\n\n\n<p>\ud83d\udc49 Recommandation finale :<br>Si votre drone montre des signes de fatigue, investir dans une<br>\ud83d\udc49 <a href=\"https:\/\/www.ruebatterie.com\/item-dji-battery-mavic-2-pro-model-dji25ju1849g_oth\">batterie DJI Mavic 2 Pro<\/a><br>est la meilleure d\u00e9cision pour prolonger sa dur\u00e9e de vie et s\u00e9curiser vos vols.<\/p>\n","protected":false},"excerpt":{"rendered":"<p>Lanc\u00e9 en 2018, le DJI Mavic 2 Pro reste aujourd\u2019hui une r\u00e9f\u00e9rence incontournable dans l\u2019univers des drones grand public \u00e0 vocation professionnelle. Gr\u00e2ce \u00e0 son capteur 1 pouce et \u00e0 son partenariat avec Hasselblad, il a marqu\u00e9 un tournant dans la d\u00e9mocratisation de la photographie a\u00e9rienne de haute qualit\u00e9. Cependant, apr\u00e8s plusieurs ann\u00e9es d\u2019utilisation, un &hellip; <a href=\"https:\/\/www.ruebatterie.com\/blog\/2026\/04\/20\/test-complet-du-dji-mavic-2-pro-performances-qualite-dimage-et-autonomie-prolongee\/\" class=\"more-link\">Continue reading<span class=\"screen-reader-text\"> &#8220;Test complet du DJI Mavic 2 Pro : performances, qualit\u00e9 d\u2019image et autonomie prolong\u00e9e&#8221;<\/span><\/a><\/p>\n","protected":false},"author":1,"featured_media":0,"comment_status":"open","ping_status":"open","sticky":false,"template":"","format":"standard","meta":{"footnotes":""},"categories":[5],"tags":[6],"class_list":["post-15","post","type-post","status-publish","format-standard","hentry","category-batterie-drone","tag-dji-mavic-2-pro"],"_links":{"self":[{"href":"https:\/\/www.ruebatterie.com\/blog\/wp-json\/wp\/v2\/posts\/15","targetHints":{"allow":["GET"]}}],"collection":[{"href":"https:\/\/www.ruebatterie.com\/blog\/wp-json\/wp\/v2\/posts"}],"about":[{"href":"https:\/\/www.ruebatterie.com\/blog\/wp-json\/wp\/v2\/types\/post"}],"author":[{"embeddable":true,"href":"https:\/\/www.ruebatterie.com\/blog\/wp-json\/wp\/v2\/users\/1"}],"replies":[{"embeddable":true,"href":"https:\/\/www.ruebatterie.com\/blog\/wp-json\/wp\/v2\/comments?post=15"}],"version-history":[{"count":1,"href":"https:\/\/www.ruebatterie.com\/blog\/wp-json\/wp\/v2\/posts\/15\/revisions"}],"predecessor-version":[{"id":16,"href":"https:\/\/www.ruebatterie.com\/blog\/wp-json\/wp\/v2\/posts\/15\/revisions\/16"}],"wp:attachment":[{"href":"https:\/\/www.ruebatterie.com\/blog\/wp-json\/wp\/v2\/media?parent=15"}],"wp:term":[{"taxonomy":"category","embeddable":true,"href":"https:\/\/www.ruebatterie.com\/blog\/wp-json\/wp\/v2\/categories?post=15"},{"taxonomy":"post_tag","embeddable":true,"href":"https:\/\/www.ruebatterie.com\/blog\/wp-json\/wp\/v2\/tags?post=15"}],"curies":[{"name":"wp","href":"https:\/\/api.w.org\/{rel}","templated":true}]}}